{"id":1052,"date":"2019-10-16T19:31:54","date_gmt":"2019-10-16T17:31:54","guid":{"rendered":"http:\/\/paniersirigny.fr\/?p=1052"},"modified":"2020-09-29T11:55:31","modified_gmt":"2020-09-29T09:55:31","slug":"cake-au-celeri","status":"publish","type":"post","link":"https:\/\/paniersirigny.fr\/index.php\/2019\/10\/16\/cake-au-celeri\/","title":{"rendered":"Petits cakes sal\u00e9s au c\u00e9leri"},"content":{"rendered":"\n<div class=\"wp-block-media-text alignwide\" style=\"grid-template-columns:43% auto\"><figure class=\"wp-block-media-text__media\"><img loading=\"lazy\" decoding=\"async\" width=\"1024\" height=\"682\" src=\"http:\/\/paniersirigny.fr\/wp-content\/uploads\/2019\/10\/celery-juice-4101755_1280-1024x682.jpg\" alt=\"\" class=\"wp-image-1053\" srcset=\"https:\/\/paniersirigny.fr\/wp-content\/uploads\/2019\/10\/celery-juice-4101755_1280-1024x682.jpg 1024w, https:\/\/paniersirigny.fr\/wp-content\/uploads\/2019\/10\/celery-juice-4101755_1280-300x200.jpg 300w, https:\/\/paniersirigny.fr\/wp-content\/uploads\/2019\/10\/celery-juice-4101755_1280-768x512.jpg 768w, https:\/\/paniersirigny.fr\/wp-content\/uploads\/2019\/10\/celery-juice-4101755_1280.jpg 1280w\" sizes=\"auto, (max-width: 1024px) 100vw, 1024px\" \/><\/figure><div class=\"wp-block-media-text__content\">\n<p class=\"has-medium-font-size\">Recette propos\u00e9e par B\u00e9atrice Quintin<\/p>\n\n\n\n<p>A remport\u00e9 le concours de recettes organis\u00e9 par les Paniers d&#8217;Irigny le 16 octobre 2019 lors de la semaine des AMAP en F\u00eate.<\/p>\n<\/div><\/div>\n\n\n\n<h4 class=\"wp-block-heading\">Ingr\u00e9dients<\/h4>\n\n\n\n<ul class=\"wp-block-list\"><li>2 \u0153ufs du <a href=\"http:\/\/paniersirigny.fr\/index.php\/charcuterie-oeufs-fromages-bio\/\">GAEC des P\u00e2querettes<\/a><\/li><li>sel<\/li><li>2 c.s. de cr\u00e8me fraiche<\/li><li>1 c\u00e9leri branche de l&#8217;<a href=\"http:\/\/paniersirigny.fr\/index.php\/legumes-bio\/\">EARL Gontel<\/a><\/li><\/ul>\n\n\n\n<h4 class=\"wp-block-heading\">Pr\u00e9paration<\/h4>\n\n\n\n<p>Faire cuire le c\u00e9leri branche \u00e0 la vapeur puis le r\u00e9duire en pur\u00e9e <br>M\u00e9langer la pur\u00e9e avec les \u0153ufs, la cr\u00e8me et le sel.<br>Faire cuire au four.<\/p>\n","protected":false},"excerpt":{"rendered":"<p>Recette propos\u00e9e par B\u00e9atrice Quintin A remport\u00e9 le concours de recettes organis\u00e9 par les Paniers d&#8217;Irigny le 16 octobre 2019 lors de la semaine des AMAP en F\u00eate. Ingr\u00e9dients 2 \u0153ufs du GAEC des P\u00e2querettes sel 2 c.s. de cr\u00e8me<\/p>\n","protected":false},"author":1,"featured_media":1053,"comment_status":"closed","ping_status":"closed","sticky":false,"template":"","format":"standard","meta":{"footnotes":""},"categories":[5],"tags":[10,16,17,11,7],"class_list":["post-1052","post","type-post","status-publish","format-standard","has-post-thumbnail","hentry","category-sale","tag-cake","tag-celeri-branche","tag-creme","tag-oeuf","tag-sale"],"_links":{"self":[{"href":"https:\/\/paniersirigny.fr\/index.php\/wp-json\/wp\/v2\/posts\/1052","targetHints":{"allow":["GET"]}}],"collection":[{"href":"https:\/\/paniersirigny.fr\/index.php\/wp-json\/wp\/v2\/posts"}],"about":[{"href":"https:\/\/paniersirigny.fr\/index.php\/wp-json\/wp\/v2\/types\/post"}],"author":[{"embeddable":true,"href":"https:\/\/paniersirigny.fr\/index.php\/wp-json\/wp\/v2\/users\/1"}],"replies":[{"embeddable":true,"href":"https:\/\/paniersirigny.fr\/index.php\/wp-json\/wp\/v2\/comments?post=1052"}],"version-history":[{"count":6,"href":"https:\/\/paniersirigny.fr\/index.php\/wp-json\/wp\/v2\/posts\/1052\/revisions"}],"predecessor-version":[{"id":1120,"href":"https:\/\/paniersirigny.fr\/index.php\/wp-json\/wp\/v2\/posts\/1052\/revisions\/1120"}],"wp:featuredmedia":[{"embeddable":true,"href":"https:\/\/paniersirigny.fr\/index.php\/wp-json\/wp\/v2\/media\/1053"}],"wp:attachment":[{"href":"https:\/\/paniersirigny.fr\/index.php\/wp-json\/wp\/v2\/media?parent=1052"}],"wp:term":[{"taxonomy":"category","embeddable":true,"href":"https:\/\/paniersirigny.fr\/index.php\/wp-json\/wp\/v2\/categories?post=1052"},{"taxonomy":"post_tag","embeddable":true,"href":"https:\/\/paniersirigny.fr\/index.php\/wp-json\/wp\/v2\/tags?post=1052"}],"curies":[{"name":"wp","href":"https:\/\/api.w.org\/{rel}","templated":true}]}}