{"id":1047,"date":"2019-10-16T19:30:57","date_gmt":"2019-10-16T17:30:57","guid":{"rendered":"http:\/\/paniersirigny.fr\/?p=1047"},"modified":"2020-09-29T11:55:42","modified_gmt":"2020-09-29T09:55:42","slug":"cake-a-la-courge","status":"publish","type":"post","link":"https:\/\/paniersirigny.fr\/index.php\/2019\/10\/16\/cake-a-la-courge\/","title":{"rendered":"Petits cakes sucr\u00e9s \u00e0 la courge"},"content":{"rendered":"\n<div class=\"wp-block-media-text alignwide\" style=\"grid-template-columns:38% auto\"><figure class=\"wp-block-media-text__media\"><img loading=\"lazy\" decoding=\"async\" width=\"1024\" height=\"682\" src=\"http:\/\/paniersirigny.fr\/wp-content\/uploads\/2019\/10\/pumpkin-1642331_1280-1024x682.jpg\" alt=\"\" class=\"wp-image-1048\" srcset=\"https:\/\/paniersirigny.fr\/wp-content\/uploads\/2019\/10\/pumpkin-1642331_1280-1024x682.jpg 1024w, https:\/\/paniersirigny.fr\/wp-content\/uploads\/2019\/10\/pumpkin-1642331_1280-300x200.jpg 300w, https:\/\/paniersirigny.fr\/wp-content\/uploads\/2019\/10\/pumpkin-1642331_1280-768x512.jpg 768w, https:\/\/paniersirigny.fr\/wp-content\/uploads\/2019\/10\/pumpkin-1642331_1280.jpg 1280w\" sizes=\"auto, (max-width: 1024px) 100vw, 1024px\" \/><\/figure><div class=\"wp-block-media-text__content\">\n<p class=\"has-medium-font-size\">Recette propos\u00e9e par B\u00e9atrice Quintin<\/p>\n\n\n\n<p>A remport\u00e9 le concours de recettes organis\u00e9 par les Paniers d&#8217;Irigny le 16 octobre 2019 lors de la semaine des AMAP en F\u00eate. <\/p>\n<\/div><\/div>\n\n\n\n<h4 class=\"wp-block-heading\">Ingr\u00e9dients :<\/h4>\n\n\n\n<ul class=\"wp-block-list\"><li>4 \u0153ufs du <a href=\"http:\/\/paniersirigny.fr\/index.php\/charcuterie-oeufs-fromages-bio\/\">GAEC des P\u00e2querettes<\/a><\/li><li>Farine du <a href=\"http:\/\/paniersirigny.fr\/index.php\/pain-farine-bio\/\">GAEC de la Viry<\/a> et beurre fondu au m\u00eame poids que les \u0153ufs<\/li><li>125g de sucre<\/li><li>500g de courge cuite de l&#8217;<a href=\"http:\/\/paniersirigny.fr\/index.php\/legumes-bio\/\">EARL Gontel<\/a><\/li><\/ul>\n\n\n\n<h4 class=\"wp-block-heading\">Pr\u00e9paration<\/h4>\n\n\n\n<p>Faire cuire la courge \u00e0 la vapeur. M\u00e9langer le tout avec les \u0153ufs, la farine, le beurre et le sucre. Faire cuire au four<\/p>\n\n\n\n<p>Cette recette a \u00e9t\u00e9 inspir\u00e9e par la recette suivante : <\/p>\n\n\n\n<figure class=\"wp-block-image\"><img loading=\"lazy\" decoding=\"async\" width=\"707\" height=\"1024\" src=\"http:\/\/paniersirigny.fr\/wp-content\/uploads\/2019\/10\/recettecourge-707x1024.png\" alt=\"\" class=\"wp-image-1082\" srcset=\"https:\/\/paniersirigny.fr\/wp-content\/uploads\/2019\/10\/recettecourge-707x1024.png 707w, https:\/\/paniersirigny.fr\/wp-content\/uploads\/2019\/10\/recettecourge-207x300.png 207w, https:\/\/paniersirigny.fr\/wp-content\/uploads\/2019\/10\/recettecourge-768x1113.png 768w, https:\/\/paniersirigny.fr\/wp-content\/uploads\/2019\/10\/recettecourge.png 1605w\" sizes=\"auto, (max-width: 707px) 100vw, 707px\" \/><\/figure>\n","protected":false},"excerpt":{"rendered":"<p>Recette propos\u00e9e par B\u00e9atrice Quintin A remport\u00e9 le concours de recettes organis\u00e9 par les Paniers d&#8217;Irigny le 16 octobre 2019 lors de la semaine des AMAP en F\u00eate. Ingr\u00e9dients : 4 \u0153ufs du GAEC des P\u00e2querettes Farine du GAEC de<\/p>\n","protected":false},"author":1,"featured_media":1048,"comment_status":"closed","ping_status":"closed","sticky":false,"template":"","format":"standard","meta":{"footnotes":""},"categories":[6],"tags":[14,10,9,12,11,13],"class_list":["post-1047","post","type-post","status-publish","format-standard","has-post-thumbnail","hentry","category-sucre","tag-beurre","tag-cake","tag-courge","tag-farine-ble","tag-oeuf","tag-sucre"],"_links":{"self":[{"href":"https:\/\/paniersirigny.fr\/index.php\/wp-json\/wp\/v2\/posts\/1047","targetHints":{"allow":["GET"]}}],"collection":[{"href":"https:\/\/paniersirigny.fr\/index.php\/wp-json\/wp\/v2\/posts"}],"about":[{"href":"https:\/\/paniersirigny.fr\/index.php\/wp-json\/wp\/v2\/types\/post"}],"author":[{"embeddable":true,"href":"https:\/\/paniersirigny.fr\/index.php\/wp-json\/wp\/v2\/users\/1"}],"replies":[{"embeddable":true,"href":"https:\/\/paniersirigny.fr\/index.php\/wp-json\/wp\/v2\/comments?post=1047"}],"version-history":[{"count":8,"href":"https:\/\/paniersirigny.fr\/index.php\/wp-json\/wp\/v2\/posts\/1047\/revisions"}],"predecessor-version":[{"id":1121,"href":"https:\/\/paniersirigny.fr\/index.php\/wp-json\/wp\/v2\/posts\/1047\/revisions\/1121"}],"wp:featuredmedia":[{"embeddable":true,"href":"https:\/\/paniersirigny.fr\/index.php\/wp-json\/wp\/v2\/media\/1048"}],"wp:attachment":[{"href":"https:\/\/paniersirigny.fr\/index.php\/wp-json\/wp\/v2\/media?parent=1047"}],"wp:term":[{"taxonomy":"category","embeddable":true,"href":"https:\/\/paniersirigny.fr\/index.php\/wp-json\/wp\/v2\/categories?post=1047"},{"taxonomy":"post_tag","embeddable":true,"href":"https:\/\/paniersirigny.fr\/index.php\/wp-json\/wp\/v2\/tags?post=1047"}],"curies":[{"name":"wp","href":"https:\/\/api.w.org\/{rel}","templated":true}]}}